{"id":996,"date":"2015-09-10T12:55:17","date_gmt":"2015-09-10T10:55:17","guid":{"rendered":"http:\/\/www.infidelitas.eu\/?p=996"},"modified":"2015-09-10T12:55:17","modified_gmt":"2015-09-10T10:55:17","slug":"countdown-laeuft","status":"publish","type":"post","link":"http:\/\/www.infidelitas.eu\/?p=996","title":{"rendered":"Countdown l\u00e4uft!"},"content":{"rendered":"<p style=\"text-align: justify;\">Die letzten Tage vor dem Wachhau Marathon sind angebrochen.<\/p>\n<p style=\"text-align: justify;\">Wie in Wien habe ich wieder m\u00e4chtig Bauchweh vor dem Lauf. Bin ich ausreichend vorbereitet? Ist meine Kondition gut genug?<\/p>\n<p style=\"text-align: justify;\">Die letzten Trainings haben mich daran leider etwas zweifeln lassen. Kein Lauf \u00fcber 21 km. Was ja noch nicht das gro\u00dfe Problem w\u00e4re wenn ich mir die Vorbereitung und das Ergebnis von Wien heuer in Erinnerung rufe. Seit K\u00e4rnten habe ich aber ein ziehen im Obersch\u00e4nkel und Knie. Die Nervosit\u00e4t steigt.\u00a0 Auch im Hinblick auf die n\u00e4chsten Wochen. Habe ich mich mit diesem Vorhaben, drei mal 42\u00a0km\u00a0in f\u00fcnf Wochen zu laufen,\u00a0\u00fcbernommen? Das ich meine Startnummer nicht selber abgeholt habe tr\u00e4gt nicht zu meiner Beruhigung bei.<\/p>\n<p style=\"text-align: justify;\">Dennoch freue ich mich schon darauf. Ich stelle mir das Laufen an der Donau so \u00e4hnlich wie in K\u00e4rten vor. Das Panorama und die Atmosph\u00e4re. Werde sicher wieder meinen Fotoaparat zum Laufen\u00a0 mitnehmen.<\/p>\n<p style=\"text-align: justify;\">Auf nach Krems!<\/p>\n","protected":false},"excerpt":{"rendered":"<p>Die letzten Tage vor dem Wachhau Marathon sind angebrochen. Wie in Wien habe ich wieder m\u00e4chtig Bauchweh vor dem Lauf. Bin ich ausreichend vorbereitet? Ist meine Kondition gut genug? Die letzten Trainings haben mich daran leider etwas zweifeln lassen. Kein Lauf \u00fcber 21 km. Was ja noch nicht das gro\u00dfe Problem w\u00e4re wenn ich mir &hellip; <\/p>\n<p><a class=\"more-link btn\" href=\"http:\/\/www.infidelitas.eu\/?p=996\">Weiterlesen<\/a><\/p>\n","protected":false},"author":1,"featured_media":391,"comment_status":"open","ping_status":"open","sticky":false,"template":"","format":"standard","meta":{"jetpack_post_was_ever_published":false,"_jetpack_newsletter_access":"","_jetpack_dont_email_post_to_subs":false,"_jetpack_newsletter_tier_id":0,"_jetpack_memberships_contains_paywalled_content":false,"_jetpack_memberships_contains_paid_content":false,"footnotes":"","jetpack_publicize_message":"","jetpack_publicize_feature_enabled":true,"jetpack_social_post_already_shared":true,"jetpack_social_options":{"image_generator_settings":{"template":"highway","default_image_id":0,"font":"","enabled":false},"version":2}},"categories":[1,5,10],"tags":[112,54,113,110,111],"class_list":["post-996","post","type-post","status-publish","format-standard","has-post-thumbnail","hentry","category-allgemein","category-laufen","category-training","tag-krems","tag-marathon","tag-niederoesterreich","tag-wachau","tag-wachau-marathon","nodate","item-wrap"],"jetpack_publicize_connections":[],"jetpack_featured_media_url":"https:\/\/i0.wp.com\/www.infidelitas.eu\/wp-content\/uploads\/2014\/08\/CAM01807.jpg?fit=3264%2C1836","jetpack_shortlink":"https:\/\/wp.me\/p4Tc2b-g4","jetpack_sharing_enabled":true,"jetpack-related-posts":[{"id":1000,"url":"http:\/\/www.infidelitas.eu\/?p=1000","url_meta":{"origin":996,"position":0},"title":"18. Internationaler Wachau Marathon!!","author":"Thomas","date":"14. September 2015","format":false,"excerpt":"Der Wachau Marathon. Eigentlich nur deshalb zustande gekommen weil der Lauf in Feldbach heuer nicht statt findet. Weil ich aber trotzdem im September einen Lauf absolvieren wollte hat es sich eben so ergeben das ich \u00fcber den Wachau Marathon gestolpert bin. Immer f\u00fcr Bestzeiten gut! Strecke geht nur bergab! Malerische\u2026","rel":"","context":"In &quot;Allgemein&quot;","block_context":{"text":"Allgemein","link":"http:\/\/www.infidelitas.eu\/?cat=1"},"img":{"alt_text":"","src":"https:\/\/i0.wp.com\/www.infidelitas.eu\/wp-content\/uploads\/2015\/09\/IMG-20150912-WA0002-e1442249597246.jpeg?resize=350%2C200","width":350,"height":200,"srcset":"https:\/\/i0.wp.com\/www.infidelitas.eu\/wp-content\/uploads\/2015\/09\/IMG-20150912-WA0002-e1442249597246.jpeg?resize=350%2C200 1x, https:\/\/i0.wp.com\/www.infidelitas.eu\/wp-content\/uploads\/2015\/09\/IMG-20150912-WA0002-e1442249597246.jpeg?resize=525%2C300 1.5x, https:\/\/i0.wp.com\/www.infidelitas.eu\/wp-content\/uploads\/2015\/09\/IMG-20150912-WA0002-e1442249597246.jpeg?resize=700%2C400 2x, https:\/\/i0.wp.com\/www.infidelitas.eu\/wp-content\/uploads\/2015\/09\/IMG-20150912-WA0002-e1442249597246.jpeg?resize=1050%2C600 3x, https:\/\/i0.wp.com\/www.infidelitas.eu\/wp-content\/uploads\/2015\/09\/IMG-20150912-WA0002-e1442249597246.jpeg?resize=1400%2C800 4x"},"classes":[]},{"id":1666,"url":"http:\/\/www.infidelitas.eu\/?p=1666","url_meta":{"origin":996,"position":1},"title":"Der Wachau Marathon 2016","author":"Thomas","date":"20. September 2016","format":false,"excerpt":"Mit der Wachau hatte ich noch eine Rechnung offen. Im vorigen Jahr hatte ich mit den Bedingungen und dem Kurs sehr zu k\u00e4mpfen. Nur mit sehr viel m\u00fche habe ich es geschafft \u00fcberhaupt das Ziel zu erreichen. Darum habe ich beschlossen in diesem Jahr noch einmal an den Start zu\u2026","rel":"","context":"In &quot;Allgemein&quot;","block_context":{"text":"Allgemein","link":"http:\/\/www.infidelitas.eu\/?cat=1"},"img":{"alt_text":"","src":"https:\/\/i0.wp.com\/www.infidelitas.eu\/wp-content\/uploads\/2016\/10\/IMG_4990_20_09_2016.jpg?fit=1200%2C674&resize=350%2C200","width":350,"height":200,"srcset":"https:\/\/i0.wp.com\/www.infidelitas.eu\/wp-content\/uploads\/2016\/10\/IMG_4990_20_09_2016.jpg?fit=1200%2C674&resize=350%2C200 1x, https:\/\/i0.wp.com\/www.infidelitas.eu\/wp-content\/uploads\/2016\/10\/IMG_4990_20_09_2016.jpg?fit=1200%2C674&resize=525%2C300 1.5x, https:\/\/i0.wp.com\/www.infidelitas.eu\/wp-content\/uploads\/2016\/10\/IMG_4990_20_09_2016.jpg?fit=1200%2C674&resize=700%2C400 2x, https:\/\/i0.wp.com\/www.infidelitas.eu\/wp-content\/uploads\/2016\/10\/IMG_4990_20_09_2016.jpg?fit=1200%2C674&resize=1050%2C600 3x"},"classes":[]},{"id":878,"url":"http:\/\/www.infidelitas.eu\/?p=878","url_meta":{"origin":996,"position":2},"title":"Jetzt geht es wieder los!","author":"Thomas","date":"30. Juni 2015","format":false,"excerpt":"Das Training wird dieses mal eine ganz besondere Herausforderung darstellen. Neben der Arbeit und der Pflege meines Gartens will die Wohnung in Ordnung gehalten werden. Dazwischen soll noch Zeit f\u00fcr meinen Hund und das Training bleiben. Dieses ist deutlich intensiver als jenes das ich im Fr\u00fchjahr absolviert habe. Zw\u00f6lf harte\u2026","rel":"","context":"In &quot;Allgemein&quot;","block_context":{"text":"Allgemein","link":"http:\/\/www.infidelitas.eu\/?cat=1"},"img":{"alt_text":"","src":"https:\/\/i0.wp.com\/www.infidelitas.eu\/wp-content\/uploads\/2014\/08\/CAM01076-e1407184380848.jpg?fit=1200%2C432&resize=350%2C200","width":350,"height":200,"srcset":"https:\/\/i0.wp.com\/www.infidelitas.eu\/wp-content\/uploads\/2014\/08\/CAM01076-e1407184380848.jpg?fit=1200%2C432&resize=350%2C200 1x, https:\/\/i0.wp.com\/www.infidelitas.eu\/wp-content\/uploads\/2014\/08\/CAM01076-e1407184380848.jpg?fit=1200%2C432&resize=525%2C300 1.5x, https:\/\/i0.wp.com\/www.infidelitas.eu\/wp-content\/uploads\/2014\/08\/CAM01076-e1407184380848.jpg?fit=1200%2C432&resize=700%2C400 2x, https:\/\/i0.wp.com\/www.infidelitas.eu\/wp-content\/uploads\/2014\/08\/CAM01076-e1407184380848.jpg?fit=1200%2C432&resize=1050%2C600 3x"},"classes":[]},{"id":1858,"url":"http:\/\/www.infidelitas.eu\/?p=1858","url_meta":{"origin":996,"position":3},"title":"Theater der Emotionen &#8211; Vienna City Marathon 2017","author":"Thomas","date":"30. April 2017","format":false,"excerpt":"Nach dem es mir in Barcelona nicht gerade gut gegangen ist habe ich in den Vienna City Marathon besondere Erwartungen gesetzt. Vorsichtig wie ich bin habe ich mir zum Ziel gesetzt zumindest knapp unter vier Stunden zu bleiben. Dieses mal war neben Andreas auch Isabella mit gekommen f\u00fcr die es\u2026","rel":"","context":"In &quot;Allgemein&quot;","block_context":{"text":"Allgemein","link":"http:\/\/www.infidelitas.eu\/?cat=1"},"img":{"alt_text":"","src":"https:\/\/i0.wp.com\/www.infidelitas.eu\/wp-content\/uploads\/2017\/04\/IMG_8100_30_04_2017.jpg?fit=1200%2C674&resize=350%2C200","width":350,"height":200,"srcset":"https:\/\/i0.wp.com\/www.infidelitas.eu\/wp-content\/uploads\/2017\/04\/IMG_8100_30_04_2017.jpg?fit=1200%2C674&resize=350%2C200 1x, https:\/\/i0.wp.com\/www.infidelitas.eu\/wp-content\/uploads\/2017\/04\/IMG_8100_30_04_2017.jpg?fit=1200%2C674&resize=525%2C300 1.5x, https:\/\/i0.wp.com\/www.infidelitas.eu\/wp-content\/uploads\/2017\/04\/IMG_8100_30_04_2017.jpg?fit=1200%2C674&resize=700%2C400 2x, https:\/\/i0.wp.com\/www.infidelitas.eu\/wp-content\/uploads\/2017\/04\/IMG_8100_30_04_2017.jpg?fit=1200%2C674&resize=1050%2C600 3x"},"classes":[]},{"id":443,"url":"http:\/\/www.infidelitas.eu\/?p=443","url_meta":{"origin":996,"position":4},"title":"Coutdown","author":"Thomas","date":"25. September 2014","format":false,"excerpt":"Der Countdown L\u00e4uft! und die Nervosit\u00e4t nimmt zu. Mein erster Marathon steht an, und ich kann es eigentlich nicht mehr erwarten das es los geht. Andererseitssteigt auch die Unsicherheit. Reicht meine Kondition aus um die 42 km zu bew\u00e4ltigen? Bin ich K\u00f6rperlich in der Lage diese Herausforderung zu bestehen? Bin\u2026","rel":"","context":"In &quot;Allgemein&quot;","block_context":{"text":"Allgemein","link":"http:\/\/www.infidelitas.eu\/?cat=1"},"img":{"alt_text":"","src":"","width":0,"height":0},"classes":[]},{"id":705,"url":"http:\/\/www.infidelitas.eu\/?p=705","url_meta":{"origin":996,"position":5},"title":"Motivationstief","author":"Thomas","date":"13. M\u00e4rz 2015","format":false,"excerpt":"\u00a0Ich habe mich schon so auf den Marathon in Wien gefreut. Durch meine Erkrankung habe ich aber so einen gro\u00dfen Trainingsr\u00fcckstand das ich mir die ganze Distanz nicht wirklich zutraue. Das hat mich leider in ein Motivationstief getrieben. Zur Zeit kann ich mich leider kaum Motivieren die Lauf-Sachen an zu\u2026","rel":"","context":"In &quot;Allgemein&quot;","block_context":{"text":"Allgemein","link":"http:\/\/www.infidelitas.eu\/?cat=1"},"img":{"alt_text":"","src":"","width":0,"height":0},"classes":[]}],"jetpack_likes_enabled":true,"_links":{"self":[{"href":"http:\/\/www.infidelitas.eu\/index.php?rest_route=\/wp\/v2\/posts\/996","targetHints":{"allow":["GET"]}}],"collection":[{"href":"http:\/\/www.infidelitas.eu\/index.php?rest_route=\/wp\/v2\/posts"}],"about":[{"href":"http:\/\/www.infidelitas.eu\/index.php?rest_route=\/wp\/v2\/types\/post"}],"author":[{"embeddable":true,"href":"http:\/\/www.infidelitas.eu\/index.php?rest_route=\/wp\/v2\/users\/1"}],"replies":[{"embeddable":true,"href":"http:\/\/www.infidelitas.eu\/index.php?rest_route=%2Fwp%2Fv2%2Fcomments&post=996"}],"version-history":[{"count":1,"href":"http:\/\/www.infidelitas.eu\/index.php?rest_route=\/wp\/v2\/posts\/996\/revisions"}],"predecessor-version":[{"id":997,"href":"http:\/\/www.infidelitas.eu\/index.php?rest_route=\/wp\/v2\/posts\/996\/revisions\/997"}],"wp:featuredmedia":[{"embeddable":true,"href":"http:\/\/www.infidelitas.eu\/index.php?rest_route=\/wp\/v2\/media\/391"}],"wp:attachment":[{"href":"http:\/\/www.infidelitas.eu\/index.php?rest_route=%2Fwp%2Fv2%2Fmedia&parent=996"}],"wp:term":[{"taxonomy":"category","embeddable":true,"href":"http:\/\/www.infidelitas.eu\/index.php?rest_route=%2Fwp%2Fv2%2Fcategories&post=996"},{"taxonomy":"post_tag","embeddable":true,"href":"http:\/\/www.infidelitas.eu\/index.php?rest_route=%2Fwp%2Fv2%2Ftags&post=996"}],"curies":[{"name":"wp","href":"https:\/\/api.w.org\/{rel}","templated":true}]}}