{"id":718,"date":"2015-04-05T07:35:42","date_gmt":"2015-04-05T05:35:42","guid":{"rendered":"http:\/\/www.infidelitas.eu\/?p=718"},"modified":"2015-04-05T07:36:25","modified_gmt":"2015-04-05T05:36:25","slug":"wien","status":"publish","type":"post","link":"http:\/\/www.infidelitas.eu\/?p=718","title":{"rendered":"Wien"},"content":{"rendered":"<p>So, eine Woche noch bis zum gro\u00dfen Vienna City Marathon.<\/p>\n<p>Sieben Tage noch bis zum gro\u00dfen Lauf.<\/p>\n<p style=\"text-align: justify;\">Einerseits kann ich es kaum noch erwarten das es endlich los geht, andererseits w\u00fcrde ich mich \u00fcber ein paar wochen mehr schon sehr freuen. Um ganz erlich zui sein, ich bin in der Vorbereitung nicht einmal mehr als 22 km gelaufen. :-(( Als Vorbereitung f\u00fcr einen Marathon eigentlich viel zu wenig. Daher bin ich arg in Bedr\u00e4ngnis geraten. Zum einen w\u00fcrde ich den ganzen Marathon wirklich sehr gerne laufen. Zum anderen sagt mir aber die Vernunft das der Halbe doch deutlich die bessere Wahl w\u00e4hre. Ein ewiges hin und her!! Was ich wirklich machen werde wird sich warscheinlich erst beim Laufen entscheiden. Je nachdem wie es mir dabei geht werde ich kurz vor der H\u00e4lfte entscheiden ob es genug ist, oder ob ich doch auf die ganze Distanz laufen werde. Eine neue Spitzenzeit erwarte ich mir von keiner der beiden Varianten.<\/p>\n<p style=\"text-align: justify;\">Was auch immer dabei herau kommen wird, ich freue mich schon auf ein tolles Spektakel\u00a0lustiges und interassantes Wochenende mit Andy und David in Wien!<\/p>\n<p style=\"text-align: justify;\"><a href=\"https:\/\/i0.wp.com\/www.infidelitas.eu\/wp-content\/uploads\/2015\/04\/vcm.jpg\"><img data-recalc-dims=\"1\" loading=\"lazy\" decoding=\"async\" data-attachment-id=\"719\" data-permalink=\"http:\/\/www.infidelitas.eu\/?attachment_id=719\" data-orig-file=\"https:\/\/i0.wp.com\/www.infidelitas.eu\/wp-content\/uploads\/2015\/04\/vcm.jpg?fit=225%2C225\" data-orig-size=\"225,225\" data-comments-opened=\"1\" data-image-meta=\"{&quot;aperture&quot;:&quot;0&quot;,&quot;credit&quot;:&quot;&quot;,&quot;camera&quot;:&quot;&quot;,&quot;caption&quot;:&quot;&quot;,&quot;created_timestamp&quot;:&quot;0&quot;,&quot;copyright&quot;:&quot;&quot;,&quot;focal_length&quot;:&quot;0&quot;,&quot;iso&quot;:&quot;0&quot;,&quot;shutter_speed&quot;:&quot;0&quot;,&quot;title&quot;:&quot;&quot;,&quot;orientation&quot;:&quot;0&quot;}\" data-image-title=\"vcm\" data-image-description=\"\" data-image-caption=\"\" data-medium-file=\"https:\/\/i0.wp.com\/www.infidelitas.eu\/wp-content\/uploads\/2015\/04\/vcm.jpg?fit=225%2C225\" data-large-file=\"https:\/\/i0.wp.com\/www.infidelitas.eu\/wp-content\/uploads\/2015\/04\/vcm.jpg?fit=225%2C225\" class=\"alignnone size-full wp-image-719\" src=\"https:\/\/i0.wp.com\/www.infidelitas.eu\/wp-content\/uploads\/2015\/04\/vcm.jpg?resize=225%2C225\" alt=\"vcm\" width=\"225\" height=\"225\" srcset=\"https:\/\/i0.wp.com\/www.infidelitas.eu\/wp-content\/uploads\/2015\/04\/vcm.jpg?w=225 225w, https:\/\/i0.wp.com\/www.infidelitas.eu\/wp-content\/uploads\/2015\/04\/vcm.jpg?resize=150%2C150 150w\" sizes=\"auto, (max-width: 225px) 100vw, 225px\" \/><\/a><\/p>\n","protected":false},"excerpt":{"rendered":"<p>So, eine Woche noch bis zum gro\u00dfen Vienna City Marathon. Sieben Tage noch bis zum gro\u00dfen Lauf. Einerseits kann ich es kaum noch erwarten das es endlich los geht, andererseits w\u00fcrde ich mich \u00fcber ein paar wochen mehr schon sehr freuen. Um ganz erlich zui sein, ich bin in der Vorbereitung nicht einmal mehr als &hellip; <\/p>\n<p><a class=\"more-link btn\" href=\"http:\/\/www.infidelitas.eu\/?p=718\">Weiterlesen<\/a><\/p>\n","protected":false},"author":1,"featured_media":391,"comment_status":"open","ping_status":"open","sticky":false,"template":"","format":"standard","meta":{"jetpack_post_was_ever_published":false,"_jetpack_newsletter_access":"","_jetpack_dont_email_post_to_subs":false,"_jetpack_newsletter_tier_id":0,"_jetpack_memberships_contains_paywalled_content":false,"_jetpack_memberships_contains_paid_content":false,"footnotes":"","jetpack_publicize_message":"","jetpack_publicize_feature_enabled":true,"jetpack_social_post_already_shared":true,"jetpack_social_options":{"image_generator_settings":{"template":"highway","default_image_id":0,"font":"","enabled":false},"version":2}},"categories":[1,5,10],"tags":[],"class_list":["post-718","post","type-post","status-publish","format-standard","has-post-thumbnail","hentry","category-allgemein","category-laufen","category-training","nodate","item-wrap"],"jetpack_publicize_connections":[],"jetpack_featured_media_url":"https:\/\/i0.wp.com\/www.infidelitas.eu\/wp-content\/uploads\/2014\/08\/CAM01807.jpg?fit=3264%2C1836","jetpack_shortlink":"https:\/\/wp.me\/s4Tc2b-wien","jetpack_sharing_enabled":true,"jetpack-related-posts":[{"id":725,"url":"http:\/\/www.infidelitas.eu\/?p=725","url_meta":{"origin":718,"position":0},"title":"Vienna City Marathon 2015","author":"Thomas","date":"13. April 2015","format":false,"excerpt":"Der Vienna City Marathon ist vorbei! Meine Vorbereitung hat mit J\u00e4nner begonnen. Voll motiviert bin ich, erstmals mit Trainingsplan, in die neue Saison gestartet. Bedingt durch eine Verk\u00fchlung, die sich im Februar recht hartn\u00e4ckig festgesetzt hatte, war die Motivation etwas ins Wanken geraten. So bin ich heute mit einer Vorbereitung\u2026","rel":"","context":"In &quot;Laufen&quot;","block_context":{"text":"Laufen","link":"http:\/\/www.infidelitas.eu\/?cat=5"},"img":{"alt_text":"","src":"https:\/\/i0.wp.com\/www.infidelitas.eu\/wp-content\/uploads\/2015\/04\/IMG_2307.jpg?resize=350%2C200","width":350,"height":200,"srcset":"https:\/\/i0.wp.com\/www.infidelitas.eu\/wp-content\/uploads\/2015\/04\/IMG_2307.jpg?resize=350%2C200 1x, https:\/\/i0.wp.com\/www.infidelitas.eu\/wp-content\/uploads\/2015\/04\/IMG_2307.jpg?resize=525%2C300 1.5x, https:\/\/i0.wp.com\/www.infidelitas.eu\/wp-content\/uploads\/2015\/04\/IMG_2307.jpg?resize=700%2C400 2x, https:\/\/i0.wp.com\/www.infidelitas.eu\/wp-content\/uploads\/2015\/04\/IMG_2307.jpg?resize=1050%2C600 3x, https:\/\/i0.wp.com\/www.infidelitas.eu\/wp-content\/uploads\/2015\/04\/IMG_2307.jpg?resize=1400%2C800 4x"},"classes":[]},{"id":1000,"url":"http:\/\/www.infidelitas.eu\/?p=1000","url_meta":{"origin":718,"position":1},"title":"18. Internationaler Wachau Marathon!!","author":"Thomas","date":"14. September 2015","format":false,"excerpt":"Der Wachau Marathon. Eigentlich nur deshalb zustande gekommen weil der Lauf in Feldbach heuer nicht statt findet. Weil ich aber trotzdem im September einen Lauf absolvieren wollte hat es sich eben so ergeben das ich \u00fcber den Wachau Marathon gestolpert bin. Immer f\u00fcr Bestzeiten gut! Strecke geht nur bergab! Malerische\u2026","rel":"","context":"In &quot;Allgemein&quot;","block_context":{"text":"Allgemein","link":"http:\/\/www.infidelitas.eu\/?cat=1"},"img":{"alt_text":"","src":"https:\/\/i0.wp.com\/www.infidelitas.eu\/wp-content\/uploads\/2015\/09\/IMG-20150912-WA0002-e1442249597246.jpeg?resize=350%2C200","width":350,"height":200,"srcset":"https:\/\/i0.wp.com\/www.infidelitas.eu\/wp-content\/uploads\/2015\/09\/IMG-20150912-WA0002-e1442249597246.jpeg?resize=350%2C200 1x, https:\/\/i0.wp.com\/www.infidelitas.eu\/wp-content\/uploads\/2015\/09\/IMG-20150912-WA0002-e1442249597246.jpeg?resize=525%2C300 1.5x, https:\/\/i0.wp.com\/www.infidelitas.eu\/wp-content\/uploads\/2015\/09\/IMG-20150912-WA0002-e1442249597246.jpeg?resize=700%2C400 2x, https:\/\/i0.wp.com\/www.infidelitas.eu\/wp-content\/uploads\/2015\/09\/IMG-20150912-WA0002-e1442249597246.jpeg?resize=1050%2C600 3x, https:\/\/i0.wp.com\/www.infidelitas.eu\/wp-content\/uploads\/2015\/09\/IMG-20150912-WA0002-e1442249597246.jpeg?resize=1400%2C800 4x"},"classes":[]},{"id":1136,"url":"http:\/\/www.infidelitas.eu\/?p=1136","url_meta":{"origin":718,"position":2},"title":"TSC Amsterdam Marathon 2015","author":"Thomas","date":"24. Oktober 2015","format":false,"excerpt":"Wenn einer eine Reise tut, dann kann er was erz\u00e4hlen. \u2026 Frei nach diesem Motto habe ich die Reise zum Amsterdam Marathon begonnen. Der erste Teil war eigentlich nicht das gro\u00dfe Problem. Von Graz ging es mit dem Auto nach Wien. Bei Andrea habe ich die Schl\u00fcssel f\u00fcr die Wohnung\u2026","rel":"","context":"In &quot;Allgemein&quot;","block_context":{"text":"Allgemein","link":"http:\/\/www.infidelitas.eu\/?cat=1"},"img":{"alt_text":"","src":"https:\/\/i0.wp.com\/www.infidelitas.eu\/wp-content\/uploads\/2015\/10\/IMG_0747_2048_1150.jpg?fit=1200%2C674&resize=350%2C200","width":350,"height":200,"srcset":"https:\/\/i0.wp.com\/www.infidelitas.eu\/wp-content\/uploads\/2015\/10\/IMG_0747_2048_1150.jpg?fit=1200%2C674&resize=350%2C200 1x, https:\/\/i0.wp.com\/www.infidelitas.eu\/wp-content\/uploads\/2015\/10\/IMG_0747_2048_1150.jpg?fit=1200%2C674&resize=525%2C300 1.5x, https:\/\/i0.wp.com\/www.infidelitas.eu\/wp-content\/uploads\/2015\/10\/IMG_0747_2048_1150.jpg?fit=1200%2C674&resize=700%2C400 2x, https:\/\/i0.wp.com\/www.infidelitas.eu\/wp-content\/uploads\/2015\/10\/IMG_0747_2048_1150.jpg?fit=1200%2C674&resize=1050%2C600 3x"},"classes":[]},{"id":1858,"url":"http:\/\/www.infidelitas.eu\/?p=1858","url_meta":{"origin":718,"position":3},"title":"Theater der Emotionen &#8211; Vienna City Marathon 2017","author":"Thomas","date":"30. April 2017","format":false,"excerpt":"Nach dem es mir in Barcelona nicht gerade gut gegangen ist habe ich in den Vienna City Marathon besondere Erwartungen gesetzt. Vorsichtig wie ich bin habe ich mir zum Ziel gesetzt zumindest knapp unter vier Stunden zu bleiben. Dieses mal war neben Andreas auch Isabella mit gekommen f\u00fcr die es\u2026","rel":"","context":"In &quot;Allgemein&quot;","block_context":{"text":"Allgemein","link":"http:\/\/www.infidelitas.eu\/?cat=1"},"img":{"alt_text":"","src":"https:\/\/i0.wp.com\/www.infidelitas.eu\/wp-content\/uploads\/2017\/04\/IMG_8100_30_04_2017.jpg?fit=1200%2C674&resize=350%2C200","width":350,"height":200,"srcset":"https:\/\/i0.wp.com\/www.infidelitas.eu\/wp-content\/uploads\/2017\/04\/IMG_8100_30_04_2017.jpg?fit=1200%2C674&resize=350%2C200 1x, https:\/\/i0.wp.com\/www.infidelitas.eu\/wp-content\/uploads\/2017\/04\/IMG_8100_30_04_2017.jpg?fit=1200%2C674&resize=525%2C300 1.5x, https:\/\/i0.wp.com\/www.infidelitas.eu\/wp-content\/uploads\/2017\/04\/IMG_8100_30_04_2017.jpg?fit=1200%2C674&resize=700%2C400 2x, https:\/\/i0.wp.com\/www.infidelitas.eu\/wp-content\/uploads\/2017\/04\/IMG_8100_30_04_2017.jpg?fit=1200%2C674&resize=1050%2C600 3x"},"classes":[]},{"id":514,"url":"http:\/\/www.infidelitas.eu\/?p=514","url_meta":{"origin":718,"position":4},"title":"reboot!","author":"Thomas","date":"11. Dezember 2014","format":false,"excerpt":"Nach einem kurzen Stimmungstief und Schmerzen im rechten Knie, habe ich f\u00fcr drei Wochen pausiert. Daraus sind dann aber immer mehr und mehr geworden. Immer neue Ausreden sind mir in den Sinn gekommen. Das Wetter ist zu ungem\u00fctlich, es regnet, es ist zu kalt oder zu dunkel. Ich mu\u00df noch\u2026","rel":"","context":"In &quot;Allgemein&quot;","block_context":{"text":"Allgemein","link":"http:\/\/www.infidelitas.eu\/?cat=1"},"img":{"alt_text":"","src":"","width":0,"height":0},"classes":[]},{"id":636,"url":"http:\/\/www.infidelitas.eu\/?p=636","url_meta":{"origin":718,"position":5},"title":"Woche eins und zwei mit Zwangspause!","author":"Thomas","date":"26. Januar 2015","format":false,"excerpt":"Jetzt wo die Vorbereitung f\u00fcr den Wien-Marathon voll angelaufen ist habe ich mir eine Erk\u00e4ltung eingefangen. Damit ich Das Gl\u00fcck nicht heraus vordere habe ich mir f\u00fcr zwei Tage eine Zwangspause auferlegt. Ich Hoffe das das ausreichen wird und ich nicht zu viel von meinem Training vers\u00e4umen werde. M\u00f6chte schlie\u00dflich\u2026","rel":"","context":"In &quot;Allgemein&quot;","block_context":{"text":"Allgemein","link":"http:\/\/www.infidelitas.eu\/?cat=1"},"img":{"alt_text":"","src":"","width":0,"height":0},"classes":[]}],"jetpack_likes_enabled":true,"_links":{"self":[{"href":"http:\/\/www.infidelitas.eu\/index.php?rest_route=\/wp\/v2\/posts\/718","targetHints":{"allow":["GET"]}}],"collection":[{"href":"http:\/\/www.infidelitas.eu\/index.php?rest_route=\/wp\/v2\/posts"}],"about":[{"href":"http:\/\/www.infidelitas.eu\/index.php?rest_route=\/wp\/v2\/types\/post"}],"author":[{"embeddable":true,"href":"http:\/\/www.infidelitas.eu\/index.php?rest_route=\/wp\/v2\/users\/1"}],"replies":[{"embeddable":true,"href":"http:\/\/www.infidelitas.eu\/index.php?rest_route=%2Fwp%2Fv2%2Fcomments&post=718"}],"version-history":[{"count":2,"href":"http:\/\/www.infidelitas.eu\/index.php?rest_route=\/wp\/v2\/posts\/718\/revisions"}],"predecessor-version":[{"id":721,"href":"http:\/\/www.infidelitas.eu\/index.php?rest_route=\/wp\/v2\/posts\/718\/revisions\/721"}],"wp:featuredmedia":[{"embeddable":true,"href":"http:\/\/www.infidelitas.eu\/index.php?rest_route=\/wp\/v2\/media\/391"}],"wp:attachment":[{"href":"http:\/\/www.infidelitas.eu\/index.php?rest_route=%2Fwp%2Fv2%2Fmedia&parent=718"}],"wp:term":[{"taxonomy":"category","embeddable":true,"href":"http:\/\/www.infidelitas.eu\/index.php?rest_route=%2Fwp%2Fv2%2Fcategories&post=718"},{"taxonomy":"post_tag","embeddable":true,"href":"http:\/\/www.infidelitas.eu\/index.php?rest_route=%2Fwp%2Fv2%2Ftags&post=718"}],"curies":[{"name":"wp","href":"https:\/\/api.w.org\/{rel}","templated":true}]}}