{"id":714,"date":"2015-04-05T07:19:04","date_gmt":"2015-04-05T05:19:04","guid":{"rendered":"http:\/\/www.infidelitas.eu\/?p=714"},"modified":"2015-04-05T07:19:04","modified_gmt":"2015-04-05T05:19:04","slug":"ein-frohes-osterfest","status":"publish","type":"post","link":"http:\/\/www.infidelitas.eu\/?p=714","title":{"rendered":"Ein frohes Osterfest!"},"content":{"rendered":"<p>Viel Gesundheit, Erholung und eine sch\u00f6ne Zeit mit Freunden und Familie!<\/p>\n<p>Euch allen einen sch\u00f6nen Sonntag<\/p>\n<p><a href=\"https:\/\/i0.wp.com\/www.infidelitas.eu\/wp-content\/uploads\/2015\/04\/osterei.jpg\"><img data-recalc-dims=\"1\" loading=\"lazy\" decoding=\"async\" data-attachment-id=\"715\" data-permalink=\"http:\/\/www.infidelitas.eu\/?attachment_id=715\" data-orig-file=\"https:\/\/i0.wp.com\/www.infidelitas.eu\/wp-content\/uploads\/2015\/04\/osterei.jpg?fit=400%2C267\" data-orig-size=\"400,267\" data-comments-opened=\"1\" data-image-meta=\"{&quot;aperture&quot;:&quot;0&quot;,&quot;credit&quot;:&quot;&quot;,&quot;camera&quot;:&quot;&quot;,&quot;caption&quot;:&quot;&quot;,&quot;created_timestamp&quot;:&quot;0&quot;,&quot;copyright&quot;:&quot;&quot;,&quot;focal_length&quot;:&quot;0&quot;,&quot;iso&quot;:&quot;0&quot;,&quot;shutter_speed&quot;:&quot;0&quot;,&quot;title&quot;:&quot;&quot;,&quot;orientation&quot;:&quot;0&quot;}\" data-image-title=\"osterei\" data-image-description=\"\" data-image-caption=\"\" data-medium-file=\"https:\/\/i0.wp.com\/www.infidelitas.eu\/wp-content\/uploads\/2015\/04\/osterei.jpg?fit=300%2C200\" data-large-file=\"https:\/\/i0.wp.com\/www.infidelitas.eu\/wp-content\/uploads\/2015\/04\/osterei.jpg?fit=400%2C267\" class=\"alignnone size-medium wp-image-715\" src=\"https:\/\/i0.wp.com\/www.infidelitas.eu\/wp-content\/uploads\/2015\/04\/osterei.jpg?resize=300%2C200\" alt=\"osterei\" width=\"300\" height=\"200\" srcset=\"https:\/\/i0.wp.com\/www.infidelitas.eu\/wp-content\/uploads\/2015\/04\/osterei.jpg?resize=300%2C200 300w, https:\/\/i0.wp.com\/www.infidelitas.eu\/wp-content\/uploads\/2015\/04\/osterei.jpg?w=400 400w\" sizes=\"auto, (max-width: 300px) 100vw, 300px\" \/><\/a><\/p>\n","protected":false},"excerpt":{"rendered":"<p>Viel Gesundheit, Erholung und eine sch\u00f6ne Zeit mit Freunden und Familie! Euch allen einen sch\u00f6nen Sonntag<\/p>\n","protected":false},"author":1,"featured_media":715,"comment_status":"open","ping_status":"open","sticky":false,"template":"","format":"standard","meta":{"jetpack_post_was_ever_published":false,"_jetpack_newsletter_access":"","_jetpack_dont_email_post_to_subs":false,"_jetpack_newsletter_tier_id":0,"_jetpack_memberships_contains_paywalled_content":false,"_jetpack_memberships_contains_paid_content":false,"footnotes":"","jetpack_publicize_message":"","jetpack_publicize_feature_enabled":true,"jetpack_social_post_already_shared":true,"jetpack_social_options":{"image_generator_settings":{"template":"highway","default_image_id":0,"font":"","enabled":false},"version":2}},"categories":[1],"tags":[],"class_list":["post-714","post","type-post","status-publish","format-standard","has-post-thumbnail","hentry","category-allgemein","nodate","item-wrap"],"jetpack_publicize_connections":[],"jetpack_featured_media_url":"https:\/\/i0.wp.com\/www.infidelitas.eu\/wp-content\/uploads\/2015\/04\/osterei.jpg?fit=400%2C267","jetpack_shortlink":"https:\/\/wp.me\/p4Tc2b-bw","jetpack_sharing_enabled":true,"jetpack-related-posts":[{"id":636,"url":"http:\/\/www.infidelitas.eu\/?p=636","url_meta":{"origin":714,"position":0},"title":"Woche eins und zwei mit Zwangspause!","author":"Thomas","date":"26. Januar 2015","format":false,"excerpt":"Jetzt wo die Vorbereitung f\u00fcr den Wien-Marathon voll angelaufen ist habe ich mir eine Erk\u00e4ltung eingefangen. Damit ich Das Gl\u00fcck nicht heraus vordere habe ich mir f\u00fcr zwei Tage eine Zwangspause auferlegt. Ich Hoffe das das ausreichen wird und ich nicht zu viel von meinem Training vers\u00e4umen werde. M\u00f6chte schlie\u00dflich\u2026","rel":"","context":"In &quot;Allgemein&quot;","block_context":{"text":"Allgemein","link":"http:\/\/www.infidelitas.eu\/?cat=1"},"img":{"alt_text":"","src":"","width":0,"height":0},"classes":[]},{"id":1706,"url":"http:\/\/www.infidelitas.eu\/?p=1706","url_meta":{"origin":714,"position":1},"title":"10. Gardasee Marathon 2016","author":"Thomas","date":"17. Oktober 2016","format":false,"excerpt":"Am Wochenende ist der 10. Gardasee Marathon \u00fcber die B\u00fchne gegangen. Andreas und ich waren mit dabei. Am Donnerstag ging es mit dem Auto nach Italien. In Malcesine haben wir wieder in der Ca`Vecia Quartier bezogen. Diesesmal hat uns der See nicht mit Kilometerlangen Staus sondern mit Regen und starkem\u2026","rel":"","context":"In &quot;Allgemein&quot;","block_context":{"text":"Allgemein","link":"http:\/\/www.infidelitas.eu\/?cat=1"},"img":{"alt_text":"","src":"https:\/\/i0.wp.com\/www.infidelitas.eu\/wp-content\/uploads\/2016\/10\/IMG_20161014_220434.jpg?fit=1200%2C675&resize=350%2C200","width":350,"height":200,"srcset":"https:\/\/i0.wp.com\/www.infidelitas.eu\/wp-content\/uploads\/2016\/10\/IMG_20161014_220434.jpg?fit=1200%2C675&resize=350%2C200 1x, https:\/\/i0.wp.com\/www.infidelitas.eu\/wp-content\/uploads\/2016\/10\/IMG_20161014_220434.jpg?fit=1200%2C675&resize=525%2C300 1.5x, https:\/\/i0.wp.com\/www.infidelitas.eu\/wp-content\/uploads\/2016\/10\/IMG_20161014_220434.jpg?fit=1200%2C675&resize=700%2C400 2x, https:\/\/i0.wp.com\/www.infidelitas.eu\/wp-content\/uploads\/2016\/10\/IMG_20161014_220434.jpg?fit=1200%2C675&resize=1050%2C600 3x"},"classes":[]},{"id":1000,"url":"http:\/\/www.infidelitas.eu\/?p=1000","url_meta":{"origin":714,"position":2},"title":"18. Internationaler Wachau Marathon!!","author":"Thomas","date":"14. September 2015","format":false,"excerpt":"Der Wachau Marathon. Eigentlich nur deshalb zustande gekommen weil der Lauf in Feldbach heuer nicht statt findet. Weil ich aber trotzdem im September einen Lauf absolvieren wollte hat es sich eben so ergeben das ich \u00fcber den Wachau Marathon gestolpert bin. Immer f\u00fcr Bestzeiten gut! Strecke geht nur bergab! Malerische\u2026","rel":"","context":"In &quot;Allgemein&quot;","block_context":{"text":"Allgemein","link":"http:\/\/www.infidelitas.eu\/?cat=1"},"img":{"alt_text":"","src":"https:\/\/i0.wp.com\/www.infidelitas.eu\/wp-content\/uploads\/2015\/09\/IMG-20150912-WA0002-e1442249597246.jpeg?resize=350%2C200","width":350,"height":200,"srcset":"https:\/\/i0.wp.com\/www.infidelitas.eu\/wp-content\/uploads\/2015\/09\/IMG-20150912-WA0002-e1442249597246.jpeg?resize=350%2C200 1x, https:\/\/i0.wp.com\/www.infidelitas.eu\/wp-content\/uploads\/2015\/09\/IMG-20150912-WA0002-e1442249597246.jpeg?resize=525%2C300 1.5x, https:\/\/i0.wp.com\/www.infidelitas.eu\/wp-content\/uploads\/2015\/09\/IMG-20150912-WA0002-e1442249597246.jpeg?resize=700%2C400 2x, https:\/\/i0.wp.com\/www.infidelitas.eu\/wp-content\/uploads\/2015\/09\/IMG-20150912-WA0002-e1442249597246.jpeg?resize=1050%2C600 3x, https:\/\/i0.wp.com\/www.infidelitas.eu\/wp-content\/uploads\/2015\/09\/IMG-20150912-WA0002-e1442249597246.jpeg?resize=1400%2C800 4x"},"classes":[]},{"id":450,"url":"http:\/\/www.infidelitas.eu\/?p=450","url_meta":{"origin":714,"position":3},"title":"3 L\u00e4nder Marathon am Bodensee","author":"Thomas","date":"7. Oktober 2014","format":false,"excerpt":"Am vergangenen Sonntag war es endlich so weit. Mein erster Marathon stand auf dem Programm. Zum ersten mal starte ich den Versuch 42,195 km zu \u00fcberwinden. Bin ich Fit genug? Habe ich genug Trainiert? Bin ich Mental stark genug? Mit sehr gemischten Gef\u00fchlen bin ich am Samstag kurz vor zehn\u2026","rel":"","context":"In &quot;Allgemein&quot;","block_context":{"text":"Allgemein","link":"http:\/\/www.infidelitas.eu\/?cat=1"},"img":{"alt_text":"","src":"https:\/\/i0.wp.com\/www.infidelitas.eu\/wp-content\/uploads\/2014\/10\/CAM01918.jpg?fit=1200%2C675&resize=350%2C200","width":350,"height":200,"srcset":"https:\/\/i0.wp.com\/www.infidelitas.eu\/wp-content\/uploads\/2014\/10\/CAM01918.jpg?fit=1200%2C675&resize=350%2C200 1x, https:\/\/i0.wp.com\/www.infidelitas.eu\/wp-content\/uploads\/2014\/10\/CAM01918.jpg?fit=1200%2C675&resize=525%2C300 1.5x, https:\/\/i0.wp.com\/www.infidelitas.eu\/wp-content\/uploads\/2014\/10\/CAM01918.jpg?fit=1200%2C675&resize=700%2C400 2x, https:\/\/i0.wp.com\/www.infidelitas.eu\/wp-content\/uploads\/2014\/10\/CAM01918.jpg?fit=1200%2C675&resize=1050%2C600 3x"},"classes":[]},{"id":709,"url":"http:\/\/www.infidelitas.eu\/?p=709","url_meta":{"origin":714,"position":4},"title":"Behinderung","author":"Thomas","date":"23. M\u00e4rz 2015","format":false,"excerpt":"Das Grazer Organisationstalent hat wieder einmal zugeschlagen. Die gr\u00f6\u00dfte Freude der Grazer ist der Stra\u00dfenbau. Es vergeht kaum ein Monat in dem nicht irgendwo in Graz mit gr\u00f6\u00dfter Freude und Sorgfalt durch die Asphaltschichten geschnitten gebohrt und gegraben wird. Kaum eine gr\u00f6\u00dfere Stra\u00dfe wird nicht einmal im Jahr aufgerissen. Staus\u2026","rel":"","context":"In &quot;Allgemein&quot;","block_context":{"text":"Allgemein","link":"http:\/\/www.infidelitas.eu\/?cat=1"},"img":{"alt_text":"","src":"https:\/\/i0.wp.com\/www.infidelitas.eu\/wp-content\/uploads\/2014\/08\/CAM01814.jpg?fit=1200%2C675&resize=350%2C200","width":350,"height":200,"srcset":"https:\/\/i0.wp.com\/www.infidelitas.eu\/wp-content\/uploads\/2014\/08\/CAM01814.jpg?fit=1200%2C675&resize=350%2C200 1x, https:\/\/i0.wp.com\/www.infidelitas.eu\/wp-content\/uploads\/2014\/08\/CAM01814.jpg?fit=1200%2C675&resize=525%2C300 1.5x, https:\/\/i0.wp.com\/www.infidelitas.eu\/wp-content\/uploads\/2014\/08\/CAM01814.jpg?fit=1200%2C675&resize=700%2C400 2x, https:\/\/i0.wp.com\/www.infidelitas.eu\/wp-content\/uploads\/2014\/08\/CAM01814.jpg?fit=1200%2C675&resize=1050%2C600 3x"},"classes":[]},{"id":1054,"url":"http:\/\/www.infidelitas.eu\/?p=1054","url_meta":{"origin":714,"position":5},"title":"3 L\u00e4nder-Marathon","author":"Thomas","date":"4. Oktober 2015","format":false,"excerpt":"auch Heuer wieder bin ich mit Andreas nach Vorarlberg zum 3 L\u00e4nder-Marathon gefahren. Der Zweiten Station meines Herbsttribbels. Am Samstag starteten wir um kurz vor zehn Uhr am Grazer Hauptbahnhof in Richtung Bludenz. Dort wurden wir bereits von Andis Vater erwartet. Mit dem Auto sind wir dann weiter nach Bregenz\u2026","rel":"","context":"In &quot;Allgemein&quot;","block_context":{"text":"Allgemein","link":"http:\/\/www.infidelitas.eu\/?cat=1"},"img":{"alt_text":"","src":"https:\/\/i0.wp.com\/www.infidelitas.eu\/wp-content\/uploads\/2015\/10\/DSC_1168.jpg?fit=1200%2C675&resize=350%2C200","width":350,"height":200,"srcset":"https:\/\/i0.wp.com\/www.infidelitas.eu\/wp-content\/uploads\/2015\/10\/DSC_1168.jpg?fit=1200%2C675&resize=350%2C200 1x, https:\/\/i0.wp.com\/www.infidelitas.eu\/wp-content\/uploads\/2015\/10\/DSC_1168.jpg?fit=1200%2C675&resize=525%2C300 1.5x, https:\/\/i0.wp.com\/www.infidelitas.eu\/wp-content\/uploads\/2015\/10\/DSC_1168.jpg?fit=1200%2C675&resize=700%2C400 2x, https:\/\/i0.wp.com\/www.infidelitas.eu\/wp-content\/uploads\/2015\/10\/DSC_1168.jpg?fit=1200%2C675&resize=1050%2C600 3x"},"classes":[]}],"jetpack_likes_enabled":true,"_links":{"self":[{"href":"http:\/\/www.infidelitas.eu\/index.php?rest_route=\/wp\/v2\/posts\/714","targetHints":{"allow":["GET"]}}],"collection":[{"href":"http:\/\/www.infidelitas.eu\/index.php?rest_route=\/wp\/v2\/posts"}],"about":[{"href":"http:\/\/www.infidelitas.eu\/index.php?rest_route=\/wp\/v2\/types\/post"}],"author":[{"embeddable":true,"href":"http:\/\/www.infidelitas.eu\/index.php?rest_route=\/wp\/v2\/users\/1"}],"replies":[{"embeddable":true,"href":"http:\/\/www.infidelitas.eu\/index.php?rest_route=%2Fwp%2Fv2%2Fcomments&post=714"}],"version-history":[{"count":2,"href":"http:\/\/www.infidelitas.eu\/index.php?rest_route=\/wp\/v2\/posts\/714\/revisions"}],"predecessor-version":[{"id":717,"href":"http:\/\/www.infidelitas.eu\/index.php?rest_route=\/wp\/v2\/posts\/714\/revisions\/717"}],"wp:featuredmedia":[{"embeddable":true,"href":"http:\/\/www.infidelitas.eu\/index.php?rest_route=\/wp\/v2\/media\/715"}],"wp:attachment":[{"href":"http:\/\/www.infidelitas.eu\/index.php?rest_route=%2Fwp%2Fv2%2Fmedia&parent=714"}],"wp:term":[{"taxonomy":"category","embeddable":true,"href":"http:\/\/www.infidelitas.eu\/index.php?rest_route=%2Fwp%2Fv2%2Fcategories&post=714"},{"taxonomy":"post_tag","embeddable":true,"href":"http:\/\/www.infidelitas.eu\/index.php?rest_route=%2Fwp%2Fv2%2Ftags&post=714"}],"curies":[{"name":"wp","href":"https:\/\/api.w.org\/{rel}","templated":true}]}}