{"id":709,"date":"2015-03-23T22:57:04","date_gmt":"2015-03-23T20:57:04","guid":{"rendered":"http:\/\/www.infidelitas.eu\/?p=709"},"modified":"2015-03-23T22:59:03","modified_gmt":"2015-03-23T20:59:03","slug":"behinderung","status":"publish","type":"post","link":"http:\/\/www.infidelitas.eu\/?p=709","title":{"rendered":"Behinderung"},"content":{"rendered":"<p style=\"text-align: justify;\">Das Grazer Organisationstalent hat wieder einmal zugeschlagen. Die gr\u00f6\u00dfte Freude der Grazer ist der Stra\u00dfenbau. Es vergeht kaum ein Monat in dem nicht irgendwo in Graz mit gr\u00f6\u00dfter Freude und Sorgfalt durch die Asphaltschichten geschnitten gebohrt und gegraben wird. Kaum eine gr\u00f6\u00dfere Stra\u00dfe wird nicht einmal im Jahr aufgerissen. Staus und \u00c4rger der Autofahrer ist damit gewiss. Ganze Stra\u00dfenz\u00fcge werden \u00fcber Monate hinweg sogar f\u00fcr Fu\u00dfg\u00e4nger gesperrt. Oder Umleitungen werden erzwungen die einer Stadtrundfahrt gleich kommen. Der Grazer nimmt es gelassen. B\u00fccher oder Zeitung lesen, Makeup auftragen, den Kaffee trinken,ein Meeting \u00fcber Telefon leiten, Die Pr\u00fcfungsfragen noch einmal Durchgehen, mal schnell zu Hause anrufen oder die Einkaufsliste mit der Gattin besprechen. Jetzt hat es leider auch mich und meine Lauffreuden erwischt. Unser wundersch\u00f6ner Radweg an der Mur wird \u00fcber mehrere Kilometer aufgerissen, und damit meine Laufstrecke. Und weil wir in Graz sind ist das nicht in ein paar Wochen erledigt. Nein! das ganze dauert bis zu Beginn des Sommers. Mitte bis Ende Mai haben mir die Bauarbeiter gesagt. Wird wohl eher ende Juni werden, wenn ich mir ihre Fortschritte so ansehe. Eine neue Stromleitung wird unter dem Radweg verlegt. Weil dieser Teil nicht mit einer Asphaltdecke versehen wurde sind hier deutlich weniger Radfahrer unterwegs, was das Laufen sehr angenehm gestaltet. Aber leider erst wieder ab Juni, Vielleicht? Wir werden sehen.<\/p>\n<p style=\"text-align: justify;\">\u00a0Also dann, ab in den Wald!<\/p>\n<p style=\"text-align: justify;\">In diesem Sinne allen einen sch\u00f6nen Lauf<\/p>\n","protected":false},"excerpt":{"rendered":"<p>Das Grazer Organisationstalent hat wieder einmal zugeschlagen. Die gr\u00f6\u00dfte Freude der Grazer ist der Stra\u00dfenbau. Es vergeht kaum ein Monat in dem nicht irgendwo in Graz mit gr\u00f6\u00dfter Freude und Sorgfalt durch die Asphaltschichten geschnitten gebohrt und gegraben wird. Kaum eine gr\u00f6\u00dfere Stra\u00dfe wird nicht einmal im Jahr aufgerissen. Staus und \u00c4rger der Autofahrer ist &hellip; <\/p>\n<p><a class=\"more-link btn\" href=\"http:\/\/www.infidelitas.eu\/?p=709\">Weiterlesen<\/a><\/p>\n","protected":false},"author":1,"featured_media":390,"comment_status":"open","ping_status":"open","sticky":false,"template":"","format":"standard","meta":{"jetpack_post_was_ever_published":false,"_jetpack_newsletter_access":"","_jetpack_dont_email_post_to_subs":false,"_jetpack_newsletter_tier_id":0,"_jetpack_memberships_contains_paywalled_content":false,"_jetpack_memberships_contains_paid_content":false,"footnotes":"","jetpack_publicize_message":"","jetpack_publicize_feature_enabled":true,"jetpack_social_post_already_shared":true,"jetpack_social_options":{"image_generator_settings":{"template":"highway","default_image_id":0,"font":"","enabled":false},"version":2}},"categories":[1,5,10],"tags":[],"class_list":["post-709","post","type-post","status-publish","format-standard","has-post-thumbnail","hentry","category-allgemein","category-laufen","category-training","nodate","item-wrap"],"jetpack_publicize_connections":[],"jetpack_featured_media_url":"https:\/\/i0.wp.com\/www.infidelitas.eu\/wp-content\/uploads\/2014\/08\/CAM01814.jpg?fit=3264%2C1836","jetpack_shortlink":"https:\/\/wp.me\/p4Tc2b-br","jetpack_sharing_enabled":true,"jetpack-related-posts":[{"id":127,"url":"http:\/\/www.infidelitas.eu\/?p=127","url_meta":{"origin":709,"position":0},"title":"Istrien 2013","author":"Thomas","date":"7. Juli 2013","format":false,"excerpt":"Istrien 2013 Wo soll es hin gehen? Wer f\u00e4hrt alles mit? Was packe ich alles ein? \u00a0 Ok, das Wo war am einfachsten zu kl\u00e4ren. Ich wollte unbedingt nach Kroatien. Aber Wo in Kroatien? Vor drei Jahren hatte ich mir als Basis Porec ausgesucht. Nach einigem hin und her habe\u2026","rel":"","context":"In &quot;Allgemein&quot;","block_context":{"text":"Allgemein","link":"http:\/\/www.infidelitas.eu\/?cat=1"},"img":{"alt_text":"Premantura","src":"https:\/\/i0.wp.com\/www.infidelitas.eu\/wp-content\/uploads\/2013\/07\/CAM01121.jpg?fit=1200%2C675&resize=350%2C200","width":350,"height":200,"srcset":"https:\/\/i0.wp.com\/www.infidelitas.eu\/wp-content\/uploads\/2013\/07\/CAM01121.jpg?fit=1200%2C675&resize=350%2C200 1x, https:\/\/i0.wp.com\/www.infidelitas.eu\/wp-content\/uploads\/2013\/07\/CAM01121.jpg?fit=1200%2C675&resize=525%2C300 1.5x, https:\/\/i0.wp.com\/www.infidelitas.eu\/wp-content\/uploads\/2013\/07\/CAM01121.jpg?fit=1200%2C675&resize=700%2C400 2x, https:\/\/i0.wp.com\/www.infidelitas.eu\/wp-content\/uploads\/2013\/07\/CAM01121.jpg?fit=1200%2C675&resize=1050%2C600 3x"},"classes":[]},{"id":725,"url":"http:\/\/www.infidelitas.eu\/?p=725","url_meta":{"origin":709,"position":1},"title":"Vienna City Marathon 2015","author":"Thomas","date":"13. April 2015","format":false,"excerpt":"Der Vienna City Marathon ist vorbei! Meine Vorbereitung hat mit J\u00e4nner begonnen. Voll motiviert bin ich, erstmals mit Trainingsplan, in die neue Saison gestartet. Bedingt durch eine Verk\u00fchlung, die sich im Februar recht hartn\u00e4ckig festgesetzt hatte, war die Motivation etwas ins Wanken geraten. So bin ich heute mit einer Vorbereitung\u2026","rel":"","context":"In &quot;Laufen&quot;","block_context":{"text":"Laufen","link":"http:\/\/www.infidelitas.eu\/?cat=5"},"img":{"alt_text":"","src":"https:\/\/i0.wp.com\/www.infidelitas.eu\/wp-content\/uploads\/2015\/04\/IMG_2307.jpg?resize=350%2C200","width":350,"height":200,"srcset":"https:\/\/i0.wp.com\/www.infidelitas.eu\/wp-content\/uploads\/2015\/04\/IMG_2307.jpg?resize=350%2C200 1x, https:\/\/i0.wp.com\/www.infidelitas.eu\/wp-content\/uploads\/2015\/04\/IMG_2307.jpg?resize=525%2C300 1.5x, https:\/\/i0.wp.com\/www.infidelitas.eu\/wp-content\/uploads\/2015\/04\/IMG_2307.jpg?resize=700%2C400 2x, https:\/\/i0.wp.com\/www.infidelitas.eu\/wp-content\/uploads\/2015\/04\/IMG_2307.jpg?resize=1050%2C600 3x, https:\/\/i0.wp.com\/www.infidelitas.eu\/wp-content\/uploads\/2015\/04\/IMG_2307.jpg?resize=1400%2C800 4x"},"classes":[]},{"id":144,"url":"http:\/\/www.infidelitas.eu\/?p=144","url_meta":{"origin":709,"position":2},"title":"2014 auf der Magistrala Richtung S\u00fcden Teil2","author":"Thomas","date":"19. Juli 2014","format":false,"excerpt":"13.Juli 321,6 km \u00a0 7 Uhr, die Sonne scheint. Ein perfekter Tag um die Reise in Nuss- und Schoko-Geb\u00e4ck in der Tasche bin ich wieder auf dem R\u00fcckweg. Viviane ist auch schon munter. Beim Essen besprechen wir das Einpacken und den Weg f\u00fcr den heutigen Tag. Wie besprochen legen wir\u2026","rel":"","context":"In &quot;Allgemein&quot;","block_context":{"text":"Allgemein","link":"http:\/\/www.infidelitas.eu\/?cat=1"},"img":{"alt_text":"","src":"https:\/\/i0.wp.com\/www.infidelitas.eu\/wp-content\/uploads\/2014\/07\/IMG_0962.jpg?resize=350%2C200","width":350,"height":200,"srcset":"https:\/\/i0.wp.com\/www.infidelitas.eu\/wp-content\/uploads\/2014\/07\/IMG_0962.jpg?resize=350%2C200 1x, https:\/\/i0.wp.com\/www.infidelitas.eu\/wp-content\/uploads\/2014\/07\/IMG_0962.jpg?resize=525%2C300 1.5x, https:\/\/i0.wp.com\/www.infidelitas.eu\/wp-content\/uploads\/2014\/07\/IMG_0962.jpg?resize=700%2C400 2x, https:\/\/i0.wp.com\/www.infidelitas.eu\/wp-content\/uploads\/2014\/07\/IMG_0962.jpg?resize=1050%2C600 3x, https:\/\/i0.wp.com\/www.infidelitas.eu\/wp-content\/uploads\/2014\/07\/IMG_0962.jpg?resize=1400%2C800 4x"},"classes":[]},{"id":1300,"url":"http:\/\/www.infidelitas.eu\/?p=1300","url_meta":{"origin":709,"position":3},"title":"Das Gartenhaus Teil I:","author":"Thomas","date":"12. M\u00e4rz 2016","format":false,"excerpt":"Die Vorbereitungen: Schon seit ich den Garten habe ist klar das ein neues Gartenhaus gebaut werden muss. Das Jetzige ist schon in die Jahre gekommen, steht schief auf einer abgesunkenen Bodenplatte. Bei starkem Regen steht das Holz bereits im Wasser. Mit drei mal drei Meter k\u00f6nnen gerade mal zwei Personen\u2026","rel":"","context":"In &quot;Allgemein&quot;","block_context":{"text":"Allgemein","link":"http:\/\/www.infidelitas.eu\/?cat=1"},"img":{"alt_text":"","src":"https:\/\/i0.wp.com\/www.infidelitas.eu\/wp-content\/uploads\/2016\/03\/DSC_0493_02_25_2016.jpg?fit=1200%2C675&resize=350%2C200","width":350,"height":200,"srcset":"https:\/\/i0.wp.com\/www.infidelitas.eu\/wp-content\/uploads\/2016\/03\/DSC_0493_02_25_2016.jpg?fit=1200%2C675&resize=350%2C200 1x, https:\/\/i0.wp.com\/www.infidelitas.eu\/wp-content\/uploads\/2016\/03\/DSC_0493_02_25_2016.jpg?fit=1200%2C675&resize=525%2C300 1.5x, https:\/\/i0.wp.com\/www.infidelitas.eu\/wp-content\/uploads\/2016\/03\/DSC_0493_02_25_2016.jpg?fit=1200%2C675&resize=700%2C400 2x, https:\/\/i0.wp.com\/www.infidelitas.eu\/wp-content\/uploads\/2016\/03\/DSC_0493_02_25_2016.jpg?fit=1200%2C675&resize=1050%2C600 3x"},"classes":[]},{"id":718,"url":"http:\/\/www.infidelitas.eu\/?p=718","url_meta":{"origin":709,"position":4},"title":"Wien","author":"Thomas","date":"5. April 2015","format":false,"excerpt":"So, eine Woche noch bis zum gro\u00dfen Vienna City Marathon. Sieben Tage noch bis zum gro\u00dfen Lauf. Einerseits kann ich es kaum noch erwarten das es endlich los geht, andererseits w\u00fcrde ich mich \u00fcber ein paar wochen mehr schon sehr freuen. Um ganz erlich zui sein, ich bin in der\u2026","rel":"","context":"In &quot;Allgemein&quot;","block_context":{"text":"Allgemein","link":"http:\/\/www.infidelitas.eu\/?cat=1"},"img":{"alt_text":"","src":"https:\/\/i0.wp.com\/www.infidelitas.eu\/wp-content\/uploads\/2014\/08\/CAM01807.jpg?fit=1200%2C675&resize=350%2C200","width":350,"height":200,"srcset":"https:\/\/i0.wp.com\/www.infidelitas.eu\/wp-content\/uploads\/2014\/08\/CAM01807.jpg?fit=1200%2C675&resize=350%2C200 1x, https:\/\/i0.wp.com\/www.infidelitas.eu\/wp-content\/uploads\/2014\/08\/CAM01807.jpg?fit=1200%2C675&resize=525%2C300 1.5x, https:\/\/i0.wp.com\/www.infidelitas.eu\/wp-content\/uploads\/2014\/08\/CAM01807.jpg?fit=1200%2C675&resize=700%2C400 2x, https:\/\/i0.wp.com\/www.infidelitas.eu\/wp-content\/uploads\/2014\/08\/CAM01807.jpg?fit=1200%2C675&resize=1050%2C600 3x"},"classes":[]},{"id":1054,"url":"http:\/\/www.infidelitas.eu\/?p=1054","url_meta":{"origin":709,"position":5},"title":"3 L\u00e4nder-Marathon","author":"Thomas","date":"4. Oktober 2015","format":false,"excerpt":"auch Heuer wieder bin ich mit Andreas nach Vorarlberg zum 3 L\u00e4nder-Marathon gefahren. Der Zweiten Station meines Herbsttribbels. Am Samstag starteten wir um kurz vor zehn Uhr am Grazer Hauptbahnhof in Richtung Bludenz. Dort wurden wir bereits von Andis Vater erwartet. Mit dem Auto sind wir dann weiter nach Bregenz\u2026","rel":"","context":"In &quot;Allgemein&quot;","block_context":{"text":"Allgemein","link":"http:\/\/www.infidelitas.eu\/?cat=1"},"img":{"alt_text":"","src":"https:\/\/i0.wp.com\/www.infidelitas.eu\/wp-content\/uploads\/2015\/10\/DSC_1168.jpg?fit=1200%2C675&resize=350%2C200","width":350,"height":200,"srcset":"https:\/\/i0.wp.com\/www.infidelitas.eu\/wp-content\/uploads\/2015\/10\/DSC_1168.jpg?fit=1200%2C675&resize=350%2C200 1x, https:\/\/i0.wp.com\/www.infidelitas.eu\/wp-content\/uploads\/2015\/10\/DSC_1168.jpg?fit=1200%2C675&resize=525%2C300 1.5x, https:\/\/i0.wp.com\/www.infidelitas.eu\/wp-content\/uploads\/2015\/10\/DSC_1168.jpg?fit=1200%2C675&resize=700%2C400 2x, https:\/\/i0.wp.com\/www.infidelitas.eu\/wp-content\/uploads\/2015\/10\/DSC_1168.jpg?fit=1200%2C675&resize=1050%2C600 3x"},"classes":[]}],"jetpack_likes_enabled":true,"_links":{"self":[{"href":"http:\/\/www.infidelitas.eu\/index.php?rest_route=\/wp\/v2\/posts\/709","targetHints":{"allow":["GET"]}}],"collection":[{"href":"http:\/\/www.infidelitas.eu\/index.php?rest_route=\/wp\/v2\/posts"}],"about":[{"href":"http:\/\/www.infidelitas.eu\/index.php?rest_route=\/wp\/v2\/types\/post"}],"author":[{"embeddable":true,"href":"http:\/\/www.infidelitas.eu\/index.php?rest_route=\/wp\/v2\/users\/1"}],"replies":[{"embeddable":true,"href":"http:\/\/www.infidelitas.eu\/index.php?rest_route=%2Fwp%2Fv2%2Fcomments&post=709"}],"version-history":[{"count":2,"href":"http:\/\/www.infidelitas.eu\/index.php?rest_route=\/wp\/v2\/posts\/709\/revisions"}],"predecessor-version":[{"id":711,"href":"http:\/\/www.infidelitas.eu\/index.php?rest_route=\/wp\/v2\/posts\/709\/revisions\/711"}],"wp:featuredmedia":[{"embeddable":true,"href":"http:\/\/www.infidelitas.eu\/index.php?rest_route=\/wp\/v2\/media\/390"}],"wp:attachment":[{"href":"http:\/\/www.infidelitas.eu\/index.php?rest_route=%2Fwp%2Fv2%2Fmedia&parent=709"}],"wp:term":[{"taxonomy":"category","embeddable":true,"href":"http:\/\/www.infidelitas.eu\/index.php?rest_route=%2Fwp%2Fv2%2Fcategories&post=709"},{"taxonomy":"post_tag","embeddable":true,"href":"http:\/\/www.infidelitas.eu\/index.php?rest_route=%2Fwp%2Fv2%2Ftags&post=709"}],"curies":[{"name":"wp","href":"https:\/\/api.w.org\/{rel}","templated":true}]}}