{"id":705,"date":"2015-03-13T09:35:56","date_gmt":"2015-03-13T07:35:56","guid":{"rendered":"http:\/\/www.infidelitas.eu\/?p=705"},"modified":"2015-03-13T09:36:23","modified_gmt":"2015-03-13T07:36:23","slug":"motivationstief","status":"publish","type":"post","link":"http:\/\/www.infidelitas.eu\/?p=705","title":{"rendered":"Motivationstief"},"content":{"rendered":"<p style=\"text-align: justify;\">\u00a0Ich habe mich schon so auf den Marathon in Wien gefreut. Durch meine Erkrankung habe ich aber so einen gro\u00dfen Trainingsr\u00fcckstand das ich mir die ganze Distanz nicht wirklich zutraue. Das hat mich leider in ein Motivationstief getrieben. Zur Zeit kann ich mich leider kaum Motivieren die Lauf-Sachen an zu legen und eine Runde zu drehen.<\/p>\n<p style=\"text-align: justify;\">Daher habe ich wieder mein Laufband aktiviert. Drinnen im Wohnzimmer ist es durchaus leichter sich mal schnell \u00fcber die Distanz zu bringen. Sogar das Intervall laufen geht schon recht gut damit. Um aus diesem Loch wieder heraus zu kommen habe ich mir f\u00fcr Wein ein neues realistisches Ziel gesteckt. Ich m\u00f6chte meine Halbmaratonzeit neuerlich verbessern. Diese liegt zur Zeit bei\u00a01:46,51 min. Dazu muss ich aber die M\u00fcdigkeit absch\u00fctteln die mir zur Zeit zu schaffen macht.<\/p>\n<p style=\"text-align: justify;\">Zur Zeit herrscht Stillstand. Das leider in allen belangen. Die Balastung am Arbeitsplatz, meine Erkrankungs bedingte Pause, und all die anderen Dinge die ich mir wieder auf den Hals gehetzt habe. Mein erster Schritt, wieder NEIN\u00a0Sagen lernen. Das Lauftraining in etwas reduzierter Vorm wieder aufnehmen. Einige unn\u00f6tige Arbeiten abgeben und mich wieder auf das Wesentliche konzentrieren. Leicht gesagt!<\/p>\n","protected":false},"excerpt":{"rendered":"<p>\u00a0Ich habe mich schon so auf den Marathon in Wien gefreut. Durch meine Erkrankung habe ich aber so einen gro\u00dfen Trainingsr\u00fcckstand das ich mir die ganze Distanz nicht wirklich zutraue. Das hat mich leider in ein Motivationstief getrieben. Zur Zeit kann ich mich leider kaum Motivieren die Lauf-Sachen an zu legen und eine Runde zu &hellip; <\/p>\n<p><a class=\"more-link btn\" href=\"http:\/\/www.infidelitas.eu\/?p=705\">Weiterlesen<\/a><\/p>\n","protected":false},"author":1,"featured_media":0,"comment_status":"open","ping_status":"open","sticky":false,"template":"","format":"standard","meta":{"jetpack_post_was_ever_published":false,"_jetpack_newsletter_access":"","_jetpack_dont_email_post_to_subs":false,"_jetpack_newsletter_tier_id":0,"_jetpack_memberships_contains_paywalled_content":false,"_jetpack_memberships_contains_paid_content":false,"footnotes":"","jetpack_publicize_message":"","jetpack_publicize_feature_enabled":true,"jetpack_social_post_already_shared":true,"jetpack_social_options":{"image_generator_settings":{"template":"highway","default_image_id":0,"font":"","enabled":false},"version":2}},"categories":[1,5,10],"tags":[],"class_list":["post-705","post","type-post","status-publish","format-standard","hentry","category-allgemein","category-laufen","category-training","nodate","item-wrap"],"jetpack_publicize_connections":[],"jetpack_featured_media_url":"","jetpack_shortlink":"https:\/\/wp.me\/p4Tc2b-bn","jetpack_sharing_enabled":true,"jetpack-related-posts":[{"id":837,"url":"http:\/\/www.infidelitas.eu\/?p=837","url_meta":{"origin":705,"position":0},"title":"14. Parktherme W\u00fcstenlauf","author":"Thomas","date":"30. Mai 2015","format":false,"excerpt":"Heute bin ich zum 14. Bad Radkersburger-Parktherme-W\u00fcstenlauf gefahren. Ein Lauf der seinem Namen durchaus gerecht wird. Kaum Schatten und br\u00fctende Hitze. F\u00fcr diesen Lauf habe ich mir durchaus ein paar Ziele gesteckt. Ich wollte meine Halbmarathon Zeit verbessern. Wollte einen gleichm\u00e4\u00dfigen Lauf absolvieren. Die ersten Kilometer nicht zu schnell beginnen.\u2026","rel":"","context":"In &quot;Allgemein&quot;","block_context":{"text":"Allgemein","link":"http:\/\/www.infidelitas.eu\/?cat=1"},"img":{"alt_text":"","src":"https:\/\/i0.wp.com\/www.infidelitas.eu\/wp-content\/uploads\/2015\/05\/Image8.jpg?fit=1177%2C782&resize=350%2C200","width":350,"height":200,"srcset":"https:\/\/i0.wp.com\/www.infidelitas.eu\/wp-content\/uploads\/2015\/05\/Image8.jpg?fit=1177%2C782&resize=350%2C200 1x, https:\/\/i0.wp.com\/www.infidelitas.eu\/wp-content\/uploads\/2015\/05\/Image8.jpg?fit=1177%2C782&resize=525%2C300 1.5x, https:\/\/i0.wp.com\/www.infidelitas.eu\/wp-content\/uploads\/2015\/05\/Image8.jpg?fit=1177%2C782&resize=700%2C400 2x, https:\/\/i0.wp.com\/www.infidelitas.eu\/wp-content\/uploads\/2015\/05\/Image8.jpg?fit=1177%2C782&resize=1050%2C600 3x"},"classes":[]},{"id":870,"url":"http:\/\/www.infidelitas.eu\/?p=870","url_meta":{"origin":705,"position":1},"title":"13. Mayrmelnhof Stadtlauf Frohnleiten","author":"Thomas","date":"30. Juni 2015","format":false,"excerpt":"Am Samstag ist der Stadtlauf in Frohnleiten \u00fcber die B\u00fchne gegangen. Da ich Frohnleiten Als meine zweite Heimat sehe wollt ich da Heuer unbedingt einmal mitlaufen.\u00a0 Bei der Anmeldung hatte ich etwas Bauchweh. Die erfolgte nicht \u00fcber Pentek Timing sondern \u00fcber den Tourismusverein Frohnleiten. Aber vorweg schon, die Organisation war\u2026","rel":"","context":"In &quot;Allgemein&quot;","block_context":{"text":"Allgemein","link":"http:\/\/www.infidelitas.eu\/?cat=1"},"img":{"alt_text":"","src":"https:\/\/i0.wp.com\/www.infidelitas.eu\/wp-content\/uploads\/2015\/06\/DSC_0692.jpg?fit=1200%2C675&resize=350%2C200","width":350,"height":200,"srcset":"https:\/\/i0.wp.com\/www.infidelitas.eu\/wp-content\/uploads\/2015\/06\/DSC_0692.jpg?fit=1200%2C675&resize=350%2C200 1x, https:\/\/i0.wp.com\/www.infidelitas.eu\/wp-content\/uploads\/2015\/06\/DSC_0692.jpg?fit=1200%2C675&resize=525%2C300 1.5x, https:\/\/i0.wp.com\/www.infidelitas.eu\/wp-content\/uploads\/2015\/06\/DSC_0692.jpg?fit=1200%2C675&resize=700%2C400 2x, https:\/\/i0.wp.com\/www.infidelitas.eu\/wp-content\/uploads\/2015\/06\/DSC_0692.jpg?fit=1200%2C675&resize=1050%2C600 3x"},"classes":[]},{"id":996,"url":"http:\/\/www.infidelitas.eu\/?p=996","url_meta":{"origin":705,"position":2},"title":"Countdown l\u00e4uft!","author":"Thomas","date":"10. September 2015","format":false,"excerpt":"Die letzten Tage vor dem Wachhau Marathon sind angebrochen. Wie in Wien habe ich wieder m\u00e4chtig Bauchweh vor dem Lauf. Bin ich ausreichend vorbereitet? Ist meine Kondition gut genug? Die letzten Trainings haben mich daran leider etwas zweifeln lassen. Kein Lauf \u00fcber 21 km. Was ja noch nicht das gro\u00dfe\u2026","rel":"","context":"In &quot;Allgemein&quot;","block_context":{"text":"Allgemein","link":"http:\/\/www.infidelitas.eu\/?cat=1"},"img":{"alt_text":"","src":"https:\/\/i0.wp.com\/www.infidelitas.eu\/wp-content\/uploads\/2014\/08\/CAM01807.jpg?fit=1200%2C675&resize=350%2C200","width":350,"height":200,"srcset":"https:\/\/i0.wp.com\/www.infidelitas.eu\/wp-content\/uploads\/2014\/08\/CAM01807.jpg?fit=1200%2C675&resize=350%2C200 1x, https:\/\/i0.wp.com\/www.infidelitas.eu\/wp-content\/uploads\/2014\/08\/CAM01807.jpg?fit=1200%2C675&resize=525%2C300 1.5x, https:\/\/i0.wp.com\/www.infidelitas.eu\/wp-content\/uploads\/2014\/08\/CAM01807.jpg?fit=1200%2C675&resize=700%2C400 2x, https:\/\/i0.wp.com\/www.infidelitas.eu\/wp-content\/uploads\/2014\/08\/CAM01807.jpg?fit=1200%2C675&resize=1050%2C600 3x"},"classes":[]},{"id":484,"url":"http:\/\/www.infidelitas.eu\/?p=484","url_meta":{"origin":705,"position":3},"title":"Das Martyrium Graz Halbmarathon","author":"Thomas","date":"12. Oktober 2014","format":false,"excerpt":"Die Geschichte hat eigentlich schon am Montag auf der Heimfahrt vom 3 L\u00e4nder Marathon begonnen. Andreas und ich haben im Zug gescherzt das wir eigentlich beim Graz Marathon den halben Laufen k\u00f6nnten. Am Mittwoch wurde es dann zur Gewissheit das wir daran teilnehmen w\u00fcrden. So habe ich mich am Freitag\u2026","rel":"","context":"In &quot;Allgemein&quot;","block_context":{"text":"Allgemein","link":"http:\/\/www.infidelitas.eu\/?cat=1"},"img":{"alt_text":"","src":"https:\/\/i0.wp.com\/www.infidelitas.eu\/wp-content\/uploads\/2014\/10\/CAM01979.jpg?fit=1200%2C675&resize=350%2C200","width":350,"height":200,"srcset":"https:\/\/i0.wp.com\/www.infidelitas.eu\/wp-content\/uploads\/2014\/10\/CAM01979.jpg?fit=1200%2C675&resize=350%2C200 1x, https:\/\/i0.wp.com\/www.infidelitas.eu\/wp-content\/uploads\/2014\/10\/CAM01979.jpg?fit=1200%2C675&resize=525%2C300 1.5x, https:\/\/i0.wp.com\/www.infidelitas.eu\/wp-content\/uploads\/2014\/10\/CAM01979.jpg?fit=1200%2C675&resize=700%2C400 2x, https:\/\/i0.wp.com\/www.infidelitas.eu\/wp-content\/uploads\/2014\/10\/CAM01979.jpg?fit=1200%2C675&resize=1050%2C600 3x"},"classes":[]},{"id":1858,"url":"http:\/\/www.infidelitas.eu\/?p=1858","url_meta":{"origin":705,"position":4},"title":"Theater der Emotionen &#8211; Vienna City Marathon 2017","author":"Thomas","date":"30. April 2017","format":false,"excerpt":"Nach dem es mir in Barcelona nicht gerade gut gegangen ist habe ich in den Vienna City Marathon besondere Erwartungen gesetzt. Vorsichtig wie ich bin habe ich mir zum Ziel gesetzt zumindest knapp unter vier Stunden zu bleiben. Dieses mal war neben Andreas auch Isabella mit gekommen f\u00fcr die es\u2026","rel":"","context":"In &quot;Allgemein&quot;","block_context":{"text":"Allgemein","link":"http:\/\/www.infidelitas.eu\/?cat=1"},"img":{"alt_text":"","src":"https:\/\/i0.wp.com\/www.infidelitas.eu\/wp-content\/uploads\/2017\/04\/IMG_8100_30_04_2017.jpg?fit=1200%2C674&resize=350%2C200","width":350,"height":200,"srcset":"https:\/\/i0.wp.com\/www.infidelitas.eu\/wp-content\/uploads\/2017\/04\/IMG_8100_30_04_2017.jpg?fit=1200%2C674&resize=350%2C200 1x, https:\/\/i0.wp.com\/www.infidelitas.eu\/wp-content\/uploads\/2017\/04\/IMG_8100_30_04_2017.jpg?fit=1200%2C674&resize=525%2C300 1.5x, https:\/\/i0.wp.com\/www.infidelitas.eu\/wp-content\/uploads\/2017\/04\/IMG_8100_30_04_2017.jpg?fit=1200%2C674&resize=700%2C400 2x, https:\/\/i0.wp.com\/www.infidelitas.eu\/wp-content\/uploads\/2017\/04\/IMG_8100_30_04_2017.jpg?fit=1200%2C674&resize=1050%2C600 3x"},"classes":[]},{"id":725,"url":"http:\/\/www.infidelitas.eu\/?p=725","url_meta":{"origin":705,"position":5},"title":"Vienna City Marathon 2015","author":"Thomas","date":"13. April 2015","format":false,"excerpt":"Der Vienna City Marathon ist vorbei! Meine Vorbereitung hat mit J\u00e4nner begonnen. Voll motiviert bin ich, erstmals mit Trainingsplan, in die neue Saison gestartet. Bedingt durch eine Verk\u00fchlung, die sich im Februar recht hartn\u00e4ckig festgesetzt hatte, war die Motivation etwas ins Wanken geraten. So bin ich heute mit einer Vorbereitung\u2026","rel":"","context":"In &quot;Laufen&quot;","block_context":{"text":"Laufen","link":"http:\/\/www.infidelitas.eu\/?cat=5"},"img":{"alt_text":"","src":"https:\/\/i0.wp.com\/www.infidelitas.eu\/wp-content\/uploads\/2015\/04\/IMG_2307.jpg?resize=350%2C200","width":350,"height":200,"srcset":"https:\/\/i0.wp.com\/www.infidelitas.eu\/wp-content\/uploads\/2015\/04\/IMG_2307.jpg?resize=350%2C200 1x, https:\/\/i0.wp.com\/www.infidelitas.eu\/wp-content\/uploads\/2015\/04\/IMG_2307.jpg?resize=525%2C300 1.5x, https:\/\/i0.wp.com\/www.infidelitas.eu\/wp-content\/uploads\/2015\/04\/IMG_2307.jpg?resize=700%2C400 2x, https:\/\/i0.wp.com\/www.infidelitas.eu\/wp-content\/uploads\/2015\/04\/IMG_2307.jpg?resize=1050%2C600 3x, https:\/\/i0.wp.com\/www.infidelitas.eu\/wp-content\/uploads\/2015\/04\/IMG_2307.jpg?resize=1400%2C800 4x"},"classes":[]}],"jetpack_likes_enabled":true,"_links":{"self":[{"href":"http:\/\/www.infidelitas.eu\/index.php?rest_route=\/wp\/v2\/posts\/705","targetHints":{"allow":["GET"]}}],"collection":[{"href":"http:\/\/www.infidelitas.eu\/index.php?rest_route=\/wp\/v2\/posts"}],"about":[{"href":"http:\/\/www.infidelitas.eu\/index.php?rest_route=\/wp\/v2\/types\/post"}],"author":[{"embeddable":true,"href":"http:\/\/www.infidelitas.eu\/index.php?rest_route=\/wp\/v2\/users\/1"}],"replies":[{"embeddable":true,"href":"http:\/\/www.infidelitas.eu\/index.php?rest_route=%2Fwp%2Fv2%2Fcomments&post=705"}],"version-history":[{"count":2,"href":"http:\/\/www.infidelitas.eu\/index.php?rest_route=\/wp\/v2\/posts\/705\/revisions"}],"predecessor-version":[{"id":707,"href":"http:\/\/www.infidelitas.eu\/index.php?rest_route=\/wp\/v2\/posts\/705\/revisions\/707"}],"wp:attachment":[{"href":"http:\/\/www.infidelitas.eu\/index.php?rest_route=%2Fwp%2Fv2%2Fmedia&parent=705"}],"wp:term":[{"taxonomy":"category","embeddable":true,"href":"http:\/\/www.infidelitas.eu\/index.php?rest_route=%2Fwp%2Fv2%2Fcategories&post=705"},{"taxonomy":"post_tag","embeddable":true,"href":"http:\/\/www.infidelitas.eu\/index.php?rest_route=%2Fwp%2Fv2%2Ftags&post=705"}],"curies":[{"name":"wp","href":"https:\/\/api.w.org\/{rel}","templated":true}]}}